{"id":11118,"date":"2026-04-30T19:11:03","date_gmt":"2026-04-30T17:11:03","guid":{"rendered":"https:\/\/www.sv-weidenberg.de\/?p=11118"},"modified":"2026-04-30T19:14:39","modified_gmt":"2026-04-30T17:14:39","slug":"kontinuitaet-und-besondere-ehrungen-bei-der-generalversammlung-des-sv-weidenberg-1920-e-v","status":"publish","type":"post","link":"https:\/\/www.sv-weidenberg.de\/?p=11118","title":{"rendered":"Kontinuit\u00e4t und besondere Ehrungen bei der Generalversammlung des SV Weidenberg 1920 e.V."},"content":{"rendered":"\n<figure class=\"wp-block-gallery has-nested-images columns-default is-cropped wp-block-gallery-1 is-layout-flex wp-block-gallery-is-layout-flex\">\n<figure class=\"wp-block-image size-large is-resized\"><a href=\"https:\/\/www.sv-weidenberg.de\/wp-content\/uploads\/IMG_5937-scaled.jpeg\"><img loading=\"lazy\" decoding=\"async\" width=\"692\" height=\"1024\" data-id=\"11119\" src=\"https:\/\/www.sv-weidenberg.de\/wp-content\/uploads\/IMG_5937-692x1024.jpeg\" alt=\"\" class=\"wp-image-11119\" style=\"width:385px;height:auto\" srcset=\"https:\/\/www.sv-weidenberg.de\/wp-content\/uploads\/IMG_5937-692x1024.jpeg 692w, https:\/\/www.sv-weidenberg.de\/wp-content\/uploads\/IMG_5937-203x300.jpeg 203w, https:\/\/www.sv-weidenberg.de\/wp-content\/uploads\/IMG_5937-768x1137.jpeg 768w, https:\/\/www.sv-weidenberg.de\/wp-content\/uploads\/IMG_5937-1037x1536.jpeg 1037w, https:\/\/www.sv-weidenberg.de\/wp-content\/uploads\/IMG_5937-1383x2048.jpeg 1383w, https:\/\/www.sv-weidenberg.de\/wp-content\/uploads\/IMG_5937-1x1.jpeg 1w, https:\/\/www.sv-weidenberg.de\/wp-content\/uploads\/IMG_5937-scaled.jpeg 1729w\" sizes=\"auto, (max-width: 692px) 100vw, 692px\" \/><\/a><\/figure>\n\n\n\n<figure class=\"wp-block-image size-large is-resized\"><a href=\"https:\/\/www.sv-weidenberg.de\/wp-content\/uploads\/IMG_5941-scaled.jpeg\"><img loading=\"lazy\" decoding=\"async\" width=\"666\" height=\"1024\" data-id=\"11120\" src=\"https:\/\/www.sv-weidenberg.de\/wp-content\/uploads\/IMG_5941-666x1024.jpeg\" alt=\"\" class=\"wp-image-11120\" style=\"width:369px;height:auto\" srcset=\"https:\/\/www.sv-weidenberg.de\/wp-content\/uploads\/IMG_5941-666x1024.jpeg 666w, https:\/\/www.sv-weidenberg.de\/wp-content\/uploads\/IMG_5941-195x300.jpeg 195w, https:\/\/www.sv-weidenberg.de\/wp-content\/uploads\/IMG_5941-768x1181.jpeg 768w, https:\/\/www.sv-weidenberg.de\/wp-content\/uploads\/IMG_5941-999x1536.jpeg 999w, https:\/\/www.sv-weidenberg.de\/wp-content\/uploads\/IMG_5941-1332x2048.jpeg 1332w, https:\/\/www.sv-weidenberg.de\/wp-content\/uploads\/IMG_5941-1x1.jpeg 1w, https:\/\/www.sv-weidenberg.de\/wp-content\/uploads\/IMG_5941-scaled.jpeg 1665w\" sizes=\"auto, (max-width: 666px) 100vw, 666px\" \/><\/a><\/figure>\n<\/figure>\n\n\n\n\n\n\n\n<p><span style=\"color: #000000;\">An der Generalversammlung am Freitag 24.04.2026 des SV Weidenberg 1920 e.V. standen neben den turnusgem\u00e4\u00dfen Neuwahlen auch verdiente Ehrungen langj\u00e4hriger Mitglieder und Funktion\u00e4re im Mittelpunkt.<\/span><\/p>\n<p><span style=\"color: #000000;\">Die Mitglieder setzten dabei ein klares Zeichen f\u00fcr Kontinuit\u00e4t und Vertrauen: Die bisherige Vorstandschaft wurde erneut in ihren \u00c4mtern best\u00e4tigt. Damit bleibt die bew\u00e4hrte F\u00fchrungsstruktur des Vereins bestehen und der eingeschlagene erfolgreiche Weg kann nahtlos fortgesetzt werden.<\/span><\/p>\n<p><span style=\"color: #000000;\">Ein besonderer Moment des Abends war die Ehrung von Marco Wopperer, der seit 25 Jahren als Kassier mit gro\u00dfem Engagement Verantwortung f\u00fcr den Verein \u00fcbernimmt. F\u00fcr seine langj\u00e4hrigen ehrenamtlichen Verdienste wurde ihm Dank und Anerkennung ausgesprochen. Sein Einsatz \u00fcber ein Vierteljahrhundert hinweg steht beispielhaft f\u00fcr die starke Vereinskultur und das Ehrenamt beim SV Weidenberg.<\/span><\/p>\n<p><span style=\"color: #000000;\">Ebenso wurde Wolfgang Hagen f\u00fcr 50 Jahre Mitgliedschaft geehrt. In dieser langen Zeit hat er den Verein nicht nur als treues Mitglied begleitet, sondern ihn auch immer wieder mit finanziellen und materiellen Mitteln unterst\u00fctzt. F\u00fcr diese au\u00dfergew\u00f6hnliche Verbundenheit und gro\u00dfz\u00fcgige Unterst\u00fctzung sprach der Verein seinen besonderen Dank aus.<\/span><\/p>\n<p><span style=\"color: #000000;\">Eine ganz besondere Auszeichnung erhielt zudem der Vereinsvorsitzende Martin Sedlmeier. Ihm wurde als Zeichen des Dankes die goldene Ehrennadel des BLSV verliehen \u2013 die h\u00f6chste Auszeichnung des Bayerischen Landes-Sportverbandes. Damit wurden seine herausragenden Leistungen und sein au\u00dfergew\u00f6hnlicher Einsatz f\u00fcr den SV Weidenberg gew\u00fcrdigt.<\/span><\/p>\n<p><span style=\"color: #000000;\">In der Laudatio wurde betont, wie viel Zeit, Energie und pers\u00f6nliche Freizeit unser Martin (Rosi) \u00fcber viele Jahre hinweg in den Verein investiert hat. Mit seinem t\u00e4glichen Engagement, seiner Leidenschaft und seinem unerm\u00fcdlichen Einsatz hat er ma\u00dfgeblich dazu beigetragen, dass der SV Weidenberg heute so erfolgreich und gut aufgestellt ist. Einigkeit herrschte dar\u00fcber, dass der Verein ohne seinen Einsatz nicht dort st\u00fcnde, wo er heute steht.<\/span><\/p>\n<p><span style=\"color: #000000;\">Die Generalversammlung zeigte einmal mehr, wie wichtig Zusammenhalt, Verl\u00e4sslichkeit und ehrenamtliches Engagement f\u00fcr das Vereinsleben sind. Der SV Weidenberg 1920 e.V. blickt deshalb mit gro\u00dfer Zuversicht auf die kommenden Jahre.<\/span><\/p>\n\n\n\n\n\n\n\n<figure class=\"wp-block-image size-large is-resized is-style-default\"><a href=\"https:\/\/www.sv-weidenberg.de\/wp-content\/uploads\/IMG_5947-scaled.jpeg\"><img loading=\"lazy\" decoding=\"async\" width=\"875\" height=\"1024\" src=\"https:\/\/www.sv-weidenberg.de\/wp-content\/uploads\/IMG_5947-875x1024.jpeg\" alt=\"\" class=\"wp-image-11121\" style=\"aspect-ratio:0.8544979895092629;width:792px;height:auto\" srcset=\"https:\/\/www.sv-weidenberg.de\/wp-content\/uploads\/IMG_5947-875x1024.jpeg 875w, https:\/\/www.sv-weidenberg.de\/wp-content\/uploads\/IMG_5947-256x300.jpeg 256w, https:\/\/www.sv-weidenberg.de\/wp-content\/uploads\/IMG_5947-768x899.jpeg 768w, https:\/\/www.sv-weidenberg.de\/wp-content\/uploads\/IMG_5947-1312x1536.jpeg 1312w, https:\/\/www.sv-weidenberg.de\/wp-content\/uploads\/IMG_5947-1750x2048.jpeg 1750w, https:\/\/www.sv-weidenberg.de\/wp-content\/uploads\/IMG_5947-1x1.jpeg 1w\" sizes=\"auto, (max-width: 875px) 100vw, 875px\" \/><\/a><\/figure>\n\n\n","protected":false},"excerpt":{"rendered":"<p>An der Generalversammlung am Freitag 24.04.2026 des SV Weidenberg 1920 e.V. standen neben den turnusgem\u00e4\u00dfen Neuwahlen auch verdiente Ehrungen langj\u00e4hriger Mitglieder und Funktion\u00e4re im Mittelpunkt. Die Mitglieder setzten dabei ein klares Zeichen f\u00fcr Kontinuit\u00e4t und Vertrauen: Die bisherige Vorstandschaft wurde erneut in ihren \u00c4mtern best\u00e4tigt. Damit bleibt die bew\u00e4hrte F\u00fchrungsstruktur des Vereins bestehen und der [&hellip;]<\/p>\n","protected":false},"author":1,"featured_media":0,"comment_status":"closed","ping_status":"closed","sticky":false,"template":"","format":"standard","meta":{"ngg_post_thumbnail":0,"footnotes":""},"categories":[1],"tags":[],"class_list":["post-11118","post","type-post","status-publish","format-standard","hentry","category-allgemein"],"_links":{"self":[{"href":"https:\/\/www.sv-weidenberg.de\/index.php?rest_route=\/wp\/v2\/posts\/11118","targetHints":{"allow":["GET"]}}],"collection":[{"href":"https:\/\/www.sv-weidenberg.de\/index.php?rest_route=\/wp\/v2\/posts"}],"about":[{"href":"https:\/\/www.sv-weidenberg.de\/index.php?rest_route=\/wp\/v2\/types\/post"}],"author":[{"embeddable":true,"href":"https:\/\/www.sv-weidenberg.de\/index.php?rest_route=\/wp\/v2\/users\/1"}],"replies":[{"embeddable":true,"href":"https:\/\/www.sv-weidenberg.de\/index.php?rest_route=%2Fwp%2Fv2%2Fcomments&post=11118"}],"version-history":[{"count":3,"href":"https:\/\/www.sv-weidenberg.de\/index.php?rest_route=\/wp\/v2\/posts\/11118\/revisions"}],"predecessor-version":[{"id":11126,"href":"https:\/\/www.sv-weidenberg.de\/index.php?rest_route=\/wp\/v2\/posts\/11118\/revisions\/11126"}],"wp:attachment":[{"href":"https:\/\/www.sv-weidenberg.de\/index.php?rest_route=%2Fwp%2Fv2%2Fmedia&parent=11118"}],"wp:term":[{"taxonomy":"category","embeddable":true,"href":"https:\/\/www.sv-weidenberg.de\/index.php?rest_route=%2Fwp%2Fv2%2Fcategories&post=11118"},{"taxonomy":"post_tag","embeddable":true,"href":"https:\/\/www.sv-weidenberg.de\/index.php?rest_route=%2Fwp%2Fv2%2Ftags&post=11118"}],"curies":[{"name":"wp","href":"https:\/\/api.w.org\/{rel}","templated":true}]}}